{"id":238,"date":"2021-02-27T21:39:22","date_gmt":"2021-02-27T21:39:22","guid":{"rendered":"https:\/\/www.dentistamislata.es\/blog\/?p=238"},"modified":"2021-02-27T21:39:22","modified_gmt":"2021-02-27T21:39:22","slug":"anomalias-dentales-causas-y-tratamientos","status":"publish","type":"post","link":"https:\/\/www.dentistamislata.es\/blog\/anomalias-dentales-causas-y-tratamientos\/","title":{"rendered":"Anomal\u00edas dentales, causas y tratamientos"},"content":{"rendered":"<p align=\"justify\"><span style=\"font-size: medium;\">En ciertas ocasiones pueden darse anomal\u00edas dentales debidas a alg\u00fan trastorno durante el desarrollo o incluso a factores de la gen\u00e9tica.<\/span><\/p>\n<p align=\"justify\"><span style=\"font-size: medium;\">Estas anomal\u00edas pueden clasificarse en 3 tipos seg\u00fan el n\u00famero, tama\u00f1o y forma de los dientes.<\/span><\/p>\n<h2 align=\"justify\"><span style=\"font-size: medium;\"><b>Alteraciones del n\u00famero dentario<\/b><\/span><\/h2>\n<p align=\"justify\"><span style=\"font-size: medium;\"><b>-Agenesia:<\/b> es la ausencia de formaci\u00f3n de uno o m\u00e1s g\u00e9rmenes dentales. Puede darse en dientes temporales o definitivos. Al no formarse el g\u00e9rmen dental, hay ausencia de esa pieza y no erupcionar\u00e1 al no existir.<\/span><\/p>\n<p align=\"justify\"><span style=\"font-size: medium;\">Las piezas dentales m\u00e1s comunes con agenesia son: los terceros molares definitivos (muelas del juicio), los segundos premolares o los incisivos laterales.<\/span><\/p>\n<p align=\"justify\"><span style=\"font-size: medium;\">Esta falta de formaci\u00f3n dental puede deberse por varios motivos, aunque es dif\u00edcil de conocer la causa exacta. La etiolog\u00eda de la agenesia puede ser por factores sist\u00e9micos (gen\u00e9tica, evoluci\u00f3n especie humana, deficiencias, etc.) o por factores locales: (traumatismos, tumores, radiaciones, etc.)<\/span><\/p>\n<h2 align=\"justify\"><span style=\"font-size: medium;\"><b>-Supernumerarios:<\/b> son aquellos dientes que se forman de m\u00e1s respecto al n\u00famero normal de piezas dentales. Los dientes supernumerarios pueden tener forma y tama\u00f1o normales o, por el contrario, presentar anomal\u00edas dentales en la forma y\/o en el tama\u00f1o. Los m\u00e1s frecuentes son los \u201ccuartos molares\u201d (aparecen por detr\u00e1s de las muelas del juicio), mesiodens (entre los incisivos centrales), o paramolares (por vestibular o lingual de los molares).<\/span><\/h2>\n<h2 align=\"justify\"><span style=\"font-size: medium;\"><b>Alteraciones del tama\u00f1o dental<\/b><\/span><\/h2>\n<p align=\"justify\"><span style=\"font-size: medium;\"><b>-Microdoncia:<\/b> son aquellos dientes que poseen un tama\u00f1o menor al resto de dientes. La ra\u00edz de estos dientes puede ser de tama\u00f1o normal o tambi\u00e9n m\u00e1s peque\u00f1a.<\/span><\/p>\n<p align=\"justify\"><span style=\"font-size: medium;\">La microdoncia puede darse en uno o varios dientes aislados o ser generalizada en toda la boca.<\/span><\/p>\n<p align=\"justify\"><span style=\"font-size: medium;\">Cuando es generalizada, suele darse por alg\u00fan s\u00edndrome. Sin embargo, es m\u00e1s com\u00fan encontrar casos de microdoncia parcial. Los dientes que con m\u00e1s frecuencia se desarrollan en menor tama\u00f1o suelen ser los incisivos laterales superiores, y puede ser de un lado o de ambos lados de la boca.<\/span><\/p>\n<p align=\"justify\"><span style=\"font-size: medium;\"><b>-Macrodoncia:<\/b> se denominan as\u00ed a aquellos dientes que tienen un tama\u00f1o mayor que el resto de dientes normales. Suele afectar al tama\u00f1o de la corona aunque tambi\u00e9n puede darse una alteraci\u00f3n en el tama\u00f1o de la ra\u00edz.<\/span><\/p>\n<p align=\"justify\"><span style=\"font-size: medium;\">Tambi\u00e9n puede ser macrodoncia parcial o generalizada. Es parcial cuando afecta a una o varias piezas y generalizada cuando todas las piezas dentales poseen un tama\u00f1o mayor que al tama\u00f1o normal de los dientes.<\/span><\/p>\n<p align=\"justify\"><span style=\"font-size: medium;\">Los dientes macrod\u00f3nticos m\u00e1s frecuentes son los incisivos superiores y los terceros molares definitivos.<\/span><\/p>\n<h2 align=\"justify\"><span style=\"font-size: medium;\"><b>Alteraciones de la forma dental<\/b><\/span><\/h2>\n<p align=\"justify\"><span style=\"font-size: medium;\">Dentro de las anomal\u00edas dentales de la forma podemos clasificar varios grupos:<\/span><\/p>\n<p align=\"justify\"><span style=\"font-size: medium;\"><b>-Total:<\/b> es cuando la anomal\u00eda dental afecta tanto a la ra\u00edz como a la corona del diente o dientes.<\/span><\/p>\n<p align=\"justify\"><span style=\"font-size: medium;\"> <b>-Conoidismo:<\/b> la corona y la ra\u00edz del diente poseen forma conoide. La zona m\u00e1s apical e incisal son las que acaban en punta.<\/span><\/p>\n<p align=\"justify\"><span style=\"font-size: medium;\"> <b>-Taurodontismo:<\/b> la c\u00e1mara pulpar (zona del nervio) es m\u00e1s ancha y con mayor tama\u00f1o respecto a una de tama\u00f1o normal.<\/span><\/p>\n<p align=\"justify\"><span style=\"font-size: medium;\"> <b>-\u201dDens in dente\u201d o diente invaginado:<\/b> Se trata cuando se forma un diente en el interior de otro diente. A simple vista no puede detectarse, ya que el diente erupcionado parece normal, pero al realizar radiograf\u00edas se detecta como en el interior de la ra\u00edz y de la corona est\u00e1 presente el germen de un diente nuevo.<\/span><\/p>\n<p align=\"justify\"><span style=\"font-size: medium;\">Suele darse en los incisivos, aunque con mayor frecuencia es los incisivos laterales permanentes.<\/span><\/p>\n<p align=\"justify\"><span style=\"font-size: medium;\"><b>-Parcial:<\/b> la alteraci\u00f3n de la forma afecta s\u00f3lo a la corona o a la ra\u00edz del diente o dientes.<\/span><\/p>\n<h2 align=\"justify\"><span style=\"font-size: medium;\"><b>Alteraci\u00f3n de la corona:<\/b><\/span><\/h2>\n<p align=\"justify\"><span style=\"font-size: medium;\"> <b>-Conoidismo:<\/b> Adem\u00e1s de verse afectada toda la pieza, tambi\u00e9n puede aparecer la forma de cono s\u00f3lo en la corona del diente.<\/span><\/p>\n<p align=\"justify\"><span style=\"font-size: medium;\"> <b>-Diente evaginado:<\/b> Es la aparici\u00f3n de una c\u00faspide o tub\u00e9rculo accesorio en la zona oclusal de premolares, molares o en la superficie palatina de los incisivos superiores.<\/span><\/p>\n<p align=\"justify\"><span style=\"font-size: medium;\"> <b>-Perlas de esmalte:<\/b> Es un fragmento de esmalte en forma de perla que se sit\u00faa en la superficie de la corona del diente o en su interior. Suele aparecer con mayor frecuencia en molares superiores o inferiores.<\/span><\/p>\n<p align=\"justify\"><span style=\"font-size: medium;\"> <b>-Diente en pala<\/b>: En incisivos y caninos se manifiesta por la superficie palatina una fosa en la zona central y unos rebordes prominentes, dando a la corona forma de pala.<\/span><\/p>\n<p align=\"justify\"><span style=\"font-size: medium;\"> <b>-Diente en barril:<\/b> Son aquellos dientes, sobre todo incisivos laterales superiores, que tienen forma cil\u00edndrica. La zona palatina de estos dientes es redondeada.<\/span><\/p>\n<h2 align=\"justify\"><span style=\"font-size: medium;\"><b>Alteraci\u00f3n de la ra\u00edz:<\/b><\/span><\/h2>\n<p align=\"justify\"><span style=\"font-size: medium;\"><b> -Perlas de esmalte:<\/b> Tambi\u00e9n pueden darse en la ra\u00edz de los dientes, aunque la forma de detectarlo es mediante radiograf\u00edas dentales.<\/span><\/p>\n<p align=\"justify\"><span style=\"font-size: medium;\"> <b>-Ra\u00edces supernumerarias:<\/b> Es la formaci\u00f3n de una o varias ra\u00edces adicionales a las normales.<\/span><\/p>\n<p align=\"justify\"><span style=\"font-size: medium;\">Se localizan radiogr\u00e1ficamente con m\u00e1s frecuencia en caninos, premolares y cordales (muelas del juicio).<\/span><\/p>\n<p align=\"justify\"><span style=\"font-size: medium;\"> <b>-Dilaceraci\u00f3n:<\/b> Se denomina as\u00ed a la curvatura que presentan ciertas ra\u00edces en su extremo (\u00e1pice). Se identifica tambi\u00e9n mediante radiograf\u00edas intraorales.<\/span><\/p>\n<p align=\"justify\"><span style=\"font-size: medium;\">Tambi\u00e9n en cuanto a la forma podemos encontrar un grupo que diferencia varias alteraciones de <b>uni\u00f3n:<\/b><\/span><\/p>\n<p align=\"justify\"><span style=\"font-size: medium;\"> <b>-Geminaci\u00f3n:<\/b> Es la duplicaci\u00f3n del germen dentario en fase de desarrollo. Se manifiesta al erupcionar como un \u201cdiente doble\u201d con una corona que parecen dos y con una fisura central. Estos \u201cdientes dobles\u201d presentan \u00fanicamente una ra\u00edz.<\/span><\/p>\n<p align=\"justify\"><span style=\"font-size: medium;\"> <b>-Fusi\u00f3n: <\/b>Es la uni\u00f3n de dos g\u00e9rmenes durante el desarrollo dental. Se manifiesta como dos dientes diferentes unidos entre s\u00ed por la corona y ra\u00edz.<\/span><\/p>\n<p align=\"justify\"><span style=\"font-size: medium;\"> <b>-Concrescencia:<\/b> es una fusi\u00f3n de dos dientes unidos por el cemento de la ra\u00edz, por lo que se manifiesta como dos dientes independientes pero radiogr\u00e1ficamente se detecta que est\u00e1n fusionados a nivel de la ra\u00edz. Puede darse durante el desarrollo dentario o cuando los dientes ya han erupcionado. Se da sobre todo en molares superiores.<\/span><\/p>\n<p align=\"justify\"><span style=\"font-size: medium;\"> <b>-Anquilosis:<\/b> es la uni\u00f3n del cemento de la ra\u00edz del diente al hueso maxilar o mandibular. Cemento y hueso quedan fusionados. Se detecta mediante radiograf\u00edas intraorales.<\/span><\/p>\n<p align=\"justify\"><span style=\"font-size: medium;\">Algunas de estas alteraciones son m\u00e1s frecuentes que otras. Algunas de ellas s\u00f3lo pueden ser identificadas mediante radiograf\u00edas dentales, por lo que es importante acudir peri\u00f3dicamente a revisiones desde una edad temprana.<\/span><\/p>\n<h2 align=\"justify\"><span style=\"font-size: medium;\">alteraciones<\/span><\/h2>\n<p align=\"justify\"><span style=\"font-size: medium;\">En la Cl\u00ednica dental Miguel Gilabert detectamos cualquier anomal\u00edas dentales o alteraci\u00f3n dental y te ofrecemos el tratamiento m\u00e1s adecuado para tu caso.<\/span><\/p>\n","protected":false},"excerpt":{"rendered":"<p>En ciertas ocasiones pueden darse anomal\u00edas dentales debidas a alg\u00fan trastorno durante el desarrollo o incluso a factores de la gen\u00e9tica. Estas anomal\u00edas pueden clasificarse en 3 tipos seg\u00fan el n\u00famero, tama\u00f1o y forma de los dientes. Alteraciones del n\u00famero&#8230; <a class=\"more-link\" href=\"https:\/\/www.dentistamislata.es\/blog\/anomalias-dentales-causas-y-tratamientos\/\">Seguir leyendo &rarr;<\/a><\/p>\n","protected":false},"author":1,"featured_media":239,"comment_status":"open","ping_status":"open","sticky":false,"template":"","format":"standard","meta":[],"categories":[2],"tags":[],"_links":{"self":[{"href":"https:\/\/www.dentistamislata.es\/blog\/wp-json\/wp\/v2\/posts\/238"}],"collection":[{"href":"https:\/\/www.dentistamislata.es\/blog\/wp-json\/wp\/v2\/posts"}],"about":[{"href":"https:\/\/www.dentistamislata.es\/blog\/wp-json\/wp\/v2\/types\/post"}],"author":[{"embeddable":true,"href":"https:\/\/www.dentistamislata.es\/blog\/wp-json\/wp\/v2\/users\/1"}],"replies":[{"embeddable":true,"href":"https:\/\/www.dentistamislata.es\/blog\/wp-json\/wp\/v2\/comments?post=238"}],"version-history":[{"count":1,"href":"https:\/\/www.dentistamislata.es\/blog\/wp-json\/wp\/v2\/posts\/238\/revisions"}],"predecessor-version":[{"id":240,"href":"https:\/\/www.dentistamislata.es\/blog\/wp-json\/wp\/v2\/posts\/238\/revisions\/240"}],"wp:featuredmedia":[{"embeddable":true,"href":"https:\/\/www.dentistamislata.es\/blog\/wp-json\/wp\/v2\/media\/239"}],"wp:attachment":[{"href":"https:\/\/www.dentistamislata.es\/blog\/wp-json\/wp\/v2\/media?parent=238"}],"wp:term":[{"taxonomy":"category","embeddable":true,"href":"https:\/\/www.dentistamislata.es\/blog\/wp-json\/wp\/v2\/categories?post=238"},{"taxonomy":"post_tag","embeddable":true,"href":"https:\/\/www.dentistamislata.es\/blog\/wp-json\/wp\/v2\/tags?post=238"}],"curies":[{"name":"wp","href":"https:\/\/api.w.org\/{rel}","templated":true}]}}